{"id":1661,"date":"2024-09-09T12:56:29","date_gmt":"2024-09-09T10:56:29","guid":{"rendered":"https:\/\/www.schachbezirk-nord.de\/?p=1661"},"modified":"2024-09-10T17:04:11","modified_gmt":"2024-09-10T15:04:11","slug":"bezirk-nord-jahreshauptversammlung","status":"publish","type":"post","link":"https:\/\/www.schachbezirk-nord.de\/?p=1661","title":{"rendered":"Bezirk Nord &#8211; Jahreshauptversammlung"},"content":{"rendered":"\n<p>Die Versammlung fand am 7.9.2024 in T\u00f6nning in angenehmer Atmosph\u00e4re statt.\u00a0<\/p>\n<p>Der Vorstand wurde ohne Gegenstimme entlastet. Bei den Wahlen gab es nur eine \u00c4nderung: Mike Bunke wollte das Amt des Jugendwarts nicht weiterf\u00fchren. Das \u00fcbernahm Enrique Ruiz-Hampel, so dass der neue Vorstand ohne Gegenstimmen aufgestellt werden konnte.\u00a0<\/p>\n<p>Das Protokoll der Versammlung wird den Vereinen in K\u00fcrze zugestellt werden.\u00a0<\/p>\n<p>Mike Bunke<\/p>\n","protected":false},"excerpt":{"rendered":"<p>Die Versammlung fand am 7.9.2024 in T\u00f6nning in angenehmer Atmosph\u00e4re statt.\u00a0 Der Vorstand wurde ohne Gegenstimme entlastet. Bei den Wahlen gab es nur eine \u00c4nderung: Mike Bunke wollte das Amt des Jugendwarts nicht weiterf\u00fchren. Das \u00fcbernahm Enrique Ruiz-Hampel, so dass der neue Vorstand ohne Gegenstimmen aufgestellt werden konnte.\u00a0 Das Protokoll der Versammlung wird den Vereinen <a href='https:\/\/www.schachbezirk-nord.de\/?p=1661' class='excerpt-more'>[&#8230;]<\/a><\/p>\n","protected":false},"author":1,"featured_media":0,"comment_status":"closed","ping_status":"closed","sticky":false,"template":"","format":"standard","meta":{"_crdt_document":"","footnotes":""},"categories":[1,13,3],"tags":[],"class_list":["post-1661","post","type-post","status-publish","format-standard","hentry","category-allgemein","category-presse","category-schachjugend","category-1-id","category-13-id","category-3-id","post-seq-1","post-parity-odd","meta-position-corners","fix"],"_links":{"self":[{"href":"https:\/\/www.schachbezirk-nord.de\/index.php?rest_route=\/wp\/v2\/posts\/1661","targetHints":{"allow":["GET"]}}],"collection":[{"href":"https:\/\/www.schachbezirk-nord.de\/index.php?rest_route=\/wp\/v2\/posts"}],"about":[{"href":"https:\/\/www.schachbezirk-nord.de\/index.php?rest_route=\/wp\/v2\/types\/post"}],"author":[{"embeddable":true,"href":"https:\/\/www.schachbezirk-nord.de\/index.php?rest_route=\/wp\/v2\/users\/1"}],"replies":[{"embeddable":true,"href":"https:\/\/www.schachbezirk-nord.de\/index.php?rest_route=%2Fwp%2Fv2%2Fcomments&post=1661"}],"version-history":[{"count":2,"href":"https:\/\/www.schachbezirk-nord.de\/index.php?rest_route=\/wp\/v2\/posts\/1661\/revisions"}],"predecessor-version":[{"id":1663,"href":"https:\/\/www.schachbezirk-nord.de\/index.php?rest_route=\/wp\/v2\/posts\/1661\/revisions\/1663"}],"wp:attachment":[{"href":"https:\/\/www.schachbezirk-nord.de\/index.php?rest_route=%2Fwp%2Fv2%2Fmedia&parent=1661"}],"wp:term":[{"taxonomy":"category","embeddable":true,"href":"https:\/\/www.schachbezirk-nord.de\/index.php?rest_route=%2Fwp%2Fv2%2Fcategories&post=1661"},{"taxonomy":"post_tag","embeddable":true,"href":"https:\/\/www.schachbezirk-nord.de\/index.php?rest_route=%2Fwp%2Fv2%2Ftags&post=1661"}],"curies":[{"name":"wp","href":"https:\/\/api.w.org\/{rel}","templated":true}]}}